{"id":1649,"date":"2015-04-12T14:40:13","date_gmt":"2015-04-12T14:40:13","guid":{"rendered":"http:\/\/www.armenia.cl\/?p=1649"},"modified":"2015-04-12T14:44:04","modified_gmt":"2015-04-12T14:44:04","slug":"papa-francisco-recuerda-el-exterminio-armenio-el-primer-genocidio-del-siglo-xx","status":"publish","type":"post","link":"https:\/\/www.armenia.cl\/?p=1649","title":{"rendered":"Papa Francisco recuerda el \u00abexterminio\u00bb armenio, el \u00abprimer genocidio del siglo XX\u00bb"},"content":{"rendered":"<p><i>\u00abHoy recordamos con el coraz\u00f3n lleno de dolor, pero tambi\u00e9n de esperanza, el centenario de aquel tr\u00e1gico evento, de aquel atroz y descabellado exterminio\u00bb, se\u00f1al\u00f3 el Pont\u00edfice.<\/i><\/p>\n<p>&nbsp;<\/p>\n<p>EFE<\/p>\n<p>CIUDAD DEL VATICANO.- El papa Francisco record\u00f3 hoy el \u00abatroz y descabellado exterminio\u00bb del pueblo armenio, un episodio del que actualmente se cumplen 100 a\u00f1os y que calific\u00f3 como \u00abel primer genocidio del siglo XX\u00bb.<\/p>\n<p>Sus palabras se produjeron durante el saludo inicial a los participantes de la misa por el centenario del \u00abmartirio\u00bb armenio, celebrada en la bas\u00edlica de San Pedro y en la que se proclamar\u00e1 doctor de la Iglesia a San Gregorio di Narek.<\/p>\n<p>\u00abHoy recordamos con el coraz\u00f3n lleno de dolor, pero tambi\u00e9n de esperanza, el centenario de aquel tr\u00e1gico evento, de aquel atroz y descabellado exterminio que vuestros antepasados sufrieron cruelmente\u00bb, indic\u00f3.<\/p>\n<div id=\"attachment_1650\" style=\"width: 310px\" class=\"wp-caption alignleft\"><a href=\"http:\/\/www.armenia.cl\/wp-content\/uploads\/2015\/04\/Papa-Francisco.jpg\" rel=\"wp-prettyPhoto[1649]\"><img aria-describedby=\"caption-attachment-1650\" decoding=\"async\" loading=\"lazy\" class=\"size-medium wp-image-1650\" alt=\"Papa Francisco\" src=\"http:\/\/www.armenia.cl\/wp-content\/uploads\/2015\/04\/Papa-Francisco-300x200.jpg\" width=\"300\" height=\"200\" srcset=\"https:\/\/www.armenia.cl\/wp-content\/uploads\/2015\/04\/Papa-Francisco-300x200.jpg 300w, https:\/\/www.armenia.cl\/wp-content\/uploads\/2015\/04\/Papa-Francisco.jpg 600w\" sizes=\"(max-width: 300px) 100vw, 300px\" \/><\/a><p id=\"caption-attachment-1650\" class=\"wp-caption-text\">Papa Francisco<\/p><\/div>\n<blockquote><p>Y a\u00f1adi\u00f3: \u00abRecordarles es necesario e incluso obligatorio porque ah\u00ed donde no persiste la memoria significa que el mal mantiene a\u00fan la herida abierta. Esconder o negar el mal es como dejar que una herida contin\u00fae sangrando sin sanarla\u00bb.<\/p><\/blockquote>\n<p>El Pont\u00edfice refiri\u00f3 que nuestra humanidad vivi\u00f3 en el siglo pasado tres grandes tragedias inauditas: la primera, la que generalmente viene considerada como &#8216;el primer genocidio del siglo XX&#8217;, que afect\u00f3 al pueblo armenio, junto a sirios cat\u00f3licos y ortodoxos, asirios, caldeos y griegos\u00bb.<\/p>\n<p>Subray\u00f3 que en aquellos momentos, cuando el pueblo armenio formaba parte del Imperio Otomano, \u00abfueron asesinados obispos, sacerdotes, religiosos, mujeres, hombres, ancianos e incluso ni\u00f1os y enfermos indefensos\u00bb.<\/p>\n<p>A este primer genocidio del siglo pasado le sucedieron, seg\u00fan Jorge Bergoglio, otros dos: el nazismo y el estalinismo.<\/p>\n<p>El Papa, que clam\u00f3 en varias ocasiones contra \u00abla tercera guerra mundial por partes\u00bb que se vive en la actualidad, volvi\u00f3 hoy a recordar que \u00abestamos asistiendo a una suerte de genocidio provocado por la indiferencia general y colectiva, por el silencio c\u00f3mplice de Ca\u00edn que exclama &#8216;\u00a1A mi qu\u00e9 me importa!'\u00bb.<\/p>\n<p>\u00abAsistimos cotidianamente a cr\u00edmenes atroces, a masacres sangrientas y a la locura de la destrucci\u00f3n. A\u00fan escuchamos el grito sofocado de muchos hermanos inermes, que a causa de su fe en Cristo o de su pertenencia \u00e9tica son p\u00fablicamente asesinados, decapitados, crucificados o quemados vivos\u00bb, apunt\u00f3.<\/p>\n<p>Tras las tragedias de la centuria pasada, Bergoglio opin\u00f3 que \u00abparece que la humanidad no consiga dejar de verter sangre inocente, como si el entusiasmo surgido tras la Segunda Guerra Mundial estuviera desapareciendo y disolvi\u00e9ndose\u00bb.<\/p>\n<blockquote><p>\u00abParece que la familia humana rechace aprender de sus propios errores causados por la ley del terror. Y as\u00ed, a\u00fan hoy, hay quien trata de eliminar a sus semejantes con la ayuda del silencio c\u00f3mplice de otros que permanecen como espectadores\u00bb, denunci\u00f3.<\/p><\/blockquote>\n<p>Concelebraron la misa el patriarca de Cilicia de los Armenios Cat\u00f3licos, Nerses Bedros XIXM, y el Supremo Patriarca de los Cat\u00f3licos de todos los Armenios, Karekin II.<\/p>\n<p>En la bas\u00edlica se encontraba tambi\u00e9n el presidente armenio, Serz Sargsyan.<\/p>\n<blockquote><p>El 24 de abril de 1915, durante la Primera Guerra Mundial en la que Turqu\u00eda combat\u00eda del lado de Alemania, el Gobierno otomano orden\u00f3 la detenci\u00f3n de centenares de armenios en Estambul y puso en marcha una masiva deportaci\u00f3n de esta etnia.<\/p><\/blockquote>\n<p>Actualmente, s\u00f3lo 22 pa\u00edses han calificado aquellos hechos como genocidio, mientras que Turqu\u00eda, aunque reconoce cientos de miles de muertos armenios durante la deportaci\u00f3n, niega que la intenci\u00f3n del Imperio Otomano fuera extinguir a toda la etnia.<\/p>\n<blockquote><p>En total, durante la I Guerra Mundial fueron exterminados m\u00e1s de un mill\u00f3n de armenios y otros 600.000 fueron deportados, muchos de los cuales emigraron a Europa, Am\u00e9rica y Rusia.<\/p><\/blockquote>\n<p>&nbsp;<\/p>\n<p><b>Fuente:<\/b> EMOL, 12 de abril de 2015<\/p>\n<p>Link de la noticia:<br \/>\n<a href=\"http:\/\/www.emol.com\/noticias\/economia\/2015\/04\/12\/712257\/papa-francisco-recuerda-el-exterminio-armenio-el-primer-genocidio-del-siglo-xx.html\">http:\/\/www.emol.com\/noticias\/economia\/2015\/04\/12\/712257\/papa-francisco-recuerda-el-exterminio-armenio-el-primer-genocidio-del-siglo-xx.html<\/a><\/p>\n","protected":false},"excerpt":{"rendered":"<p>\u00abHoy recordamos con el coraz\u00f3n lleno de dolor, pero tambi\u00e9n de esperanza, el centenario de aquel tr\u00e1gico evento, de aquel atroz y descabellado exterminio\u00bb, se\u00f1al\u00f3 el Pont\u00edfice. &nbsp; EFE CIUDAD DEL VATICANO.- El papa Francisco record\u00f3 hoy el \u00abatroz y descabellado exterminio\u00bb del pueblo armenio, un episodio [&hellip;]<\/p>\n","protected":false},"author":2,"featured_media":1652,"comment_status":"closed","ping_status":"closed","sticky":false,"template":"","format":"standard","meta":[],"categories":[8],"tags":[],"_links":{"self":[{"href":"https:\/\/www.armenia.cl\/index.php?rest_route=\/wp\/v2\/posts\/1649"}],"collection":[{"href":"https:\/\/www.armenia.cl\/index.php?rest_route=\/wp\/v2\/posts"}],"about":[{"href":"https:\/\/www.armenia.cl\/index.php?rest_route=\/wp\/v2\/types\/post"}],"author":[{"embeddable":true,"href":"https:\/\/www.armenia.cl\/index.php?rest_route=\/wp\/v2\/users\/2"}],"replies":[{"embeddable":true,"href":"https:\/\/www.armenia.cl\/index.php?rest_route=%2Fwp%2Fv2%2Fcomments&post=1649"}],"version-history":[{"count":3,"href":"https:\/\/www.armenia.cl\/index.php?rest_route=\/wp\/v2\/posts\/1649\/revisions"}],"predecessor-version":[{"id":1654,"href":"https:\/\/www.armenia.cl\/index.php?rest_route=\/wp\/v2\/posts\/1649\/revisions\/1654"}],"wp:featuredmedia":[{"embeddable":true,"href":"https:\/\/www.armenia.cl\/index.php?rest_route=\/wp\/v2\/media\/1652"}],"wp:attachment":[{"href":"https:\/\/www.armenia.cl\/index.php?rest_route=%2Fwp%2Fv2%2Fmedia&parent=1649"}],"wp:term":[{"taxonomy":"category","embeddable":true,"href":"https:\/\/www.armenia.cl\/index.php?rest_route=%2Fwp%2Fv2%2Fcategories&post=1649"},{"taxonomy":"post_tag","embeddable":true,"href":"https:\/\/www.armenia.cl\/index.php?rest_route=%2Fwp%2Fv2%2Ftags&post=1649"}],"curies":[{"name":"wp","href":"https:\/\/api.w.org\/{rel}","templated":true}]}}