{"id":1002,"date":"2011-10-15T23:38:21","date_gmt":"2011-10-15T23:38:21","guid":{"rendered":"http:\/\/www.armenia.cl\/?p=1002"},"modified":"2013-07-03T23:39:08","modified_gmt":"2013-07-03T23:39:08","slug":"lituania-asume-presidencia-de-la-union-europea","status":"publish","type":"post","link":"https:\/\/www.armenia.cl\/?p=1002","title":{"rendered":"Lituania asume presidencia de la Uni\u00f3n Europea"},"content":{"rendered":"<p><em>Adem\u00e1s de concluir el presupuesto, su principal prioridad ser\u00e1 proyectar una apariencia de competencia y confiabilidad.<\/em><\/p>\n<p>&nbsp;<\/p>\n<p>Lituania asumi\u00f3 la presidencia del Consejo Europeo el 1 de julio, recibiendo el mando de Irlanda. Asume el rol en momentos particularmente desafiantes, con la gran carga legislativa relacionada con la implementaci\u00f3n del presupuesto de la Uni\u00f3n Europea para 2014-2020. Adem\u00e1s del presupuesto, su principal prioridad, al igual que la de los Estados miembros m\u00e1s peque\u00f1os y nuevos, ser\u00e1 proyectar una apariencia de competencia y confiabilidad.<\/p>\n<p>El principal foco de la presidencia de Lituania en los pr\u00f3ximos seis meses ser\u00e1 el presupuesto comunitario. A\u00fan quedan pendientes cerca de 70 art\u00edculos relacionados con la implementaci\u00f3n del prespuesto, y el consecuente desembolso de fondos. Como presidente del Consejo, Lituania necesitar\u00e1 conducir la adopci\u00f3n de la legislaci\u00f3n a trav\u00e9s de co-decisiones, una tarea que parece dif\u00edcil a la luz de la relativamente peque\u00f1a capacidad administrativa del pa\u00eds. El gobierno ya ha subrayado los problemas que surgir\u00e1n de trabajar con un presupuesto m\u00e1s peque\u00f1o que en per\u00edodos previos, lo que podr\u00eda dificultar las negociaciones.<\/p>\n<p>Adem\u00e1s, la prioridad de Lituania ser\u00e1 parecer competente y confiable. La importancia de la presidencia rotativa ha disminuido en a\u00f1os recientes, ya que la agenda de la UE est\u00e1 siendo impulsada crecientemente por Estados miembros m\u00e1s grandes y ricos. M\u00e1s a\u00fan, mientras los lituanos son relativamente pro-europeos, la perspectiva de seis meses en el puesto parece haber generado poco entusiasmo a nivel interno. Sin embargo, como el primer Estado del B\u00e1ltico en ocupar el cargo, Lituania se esforzar\u00e1 por causar una buena impresi\u00f3n.<\/p>\n<p>&nbsp;<\/p>\n<p><strong>Prioridades nacionales<\/strong><\/p>\n<p>Pese a que el presupuesto ser\u00e1 el foco principal, es probable que el pa\u00eds intente usar su tiempo en la presidencia para promover algunas de sus prioridades nacionales. Un ejemplo clave ser\u00e1 la pol\u00edtica energ\u00e9tica, una preocupaci\u00f3n particular para Lituania, no s\u00f3lo debido a su dependencia de Rusia para el abastecimiento de gas, sino tambi\u00e9n porque paga mucho m\u00e1s por estas importaciones que sus vecinos. El gobierno ha presionado por la apertura de la actual investigaci\u00f3n de la Comisi\u00f3n Europea a un supuesto abuso de posici\u00f3n dominante por parte de la rusa Gazprom en Lituania y otros Estados miembros.<\/p>\n<p>Lituania ha buscado por mucho tiempo diversificar las fuentes de abastecimiento del pa\u00eds y presionar por la liberalizaci\u00f3n del mercado energ\u00e9tico de la UE en una apuesta por bajar los costos para los consumidores y la industria. Para este fin, esperamos que la presidencia de Lituania est\u00e9 marcada por el esfuerzos por desarrollar las pol\u00edticas energ\u00e9ticas internas y externas de la UE, y aumentar la competencia. El presidente de la Comisi\u00f3n Europea, Jos\u00e9 Manuel Barroso, ha indicado que espera que Lituania pueda jugar un mayor rol en presionar por la conclusi\u00f3n del mercado energ\u00e9tico interno de la UE para 2014.<\/p>\n<blockquote><p>Una segunda prioridad, tambi\u00e9n impulsada por la posici\u00f3n geogr\u00e1fica de Lituania, ser\u00e1 la relaci\u00f3n con los Estados que est\u00e1n al este de los actuales l\u00edmites de la UE. Es probable que un enfoque particular sea la Cumbre de la Asociaci\u00f3n Oriental programada para el 28 y 29 de noviembre en Vilna, la capital de Lituania. Si la reuni\u00f3n es exitosa, podr\u00eda significar la firma de un acuerdo de asociaci\u00f3n con Ucrania (tambi\u00e9n se discutir\u00e1n acuerdos con Moldavia, Armenia y Georgia). Sin embargo, esto depende de que Ucrania avance en la \u201cjusticia selectiva\u201d (el encarcelamiento de los opositores al gobierno), los defectos de la democracia y una reforma judicial y econ\u00f3mica.<\/p><\/blockquote>\n<p>&nbsp;<\/p>\n<p>&nbsp;<\/p>\n<p><strong>Fuente:<\/strong> DIARIO FINANCIERO ON LINE\/ECONOMIST INTELLIGENCE UNIT, 03 de julio de 2013<\/p>\n<p>Link de la noticia:<br \/>\nhttp:\/\/www.df.cl\/lituania-asume-presidencia-de-la-union-europea\/prontus_df\/2013-07-02\/213200.html<\/p>\n","protected":false},"excerpt":{"rendered":"<p>Adem\u00e1s de concluir el presupuesto, su principal prioridad ser\u00e1 proyectar una apariencia de competencia y confiabilidad. &nbsp; Lituania asumi\u00f3 la presidencia del Consejo Europeo el 1 de julio, recibiendo el mando de Irlanda. Asume el rol en momentos particularmente desafiantes, con la gran carga legislativa relacionada con [&hellip;]<\/p>\n","protected":false},"author":2,"featured_media":0,"comment_status":"closed","ping_status":"closed","sticky":false,"template":"","format":"standard","meta":[],"categories":[8],"tags":[],"_links":{"self":[{"href":"https:\/\/www.armenia.cl\/index.php?rest_route=\/wp\/v2\/posts\/1002"}],"collection":[{"href":"https:\/\/www.armenia.cl\/index.php?rest_route=\/wp\/v2\/posts"}],"about":[{"href":"https:\/\/www.armenia.cl\/index.php?rest_route=\/wp\/v2\/types\/post"}],"author":[{"embeddable":true,"href":"https:\/\/www.armenia.cl\/index.php?rest_route=\/wp\/v2\/users\/2"}],"replies":[{"embeddable":true,"href":"https:\/\/www.armenia.cl\/index.php?rest_route=%2Fwp%2Fv2%2Fcomments&post=1002"}],"version-history":[{"count":1,"href":"https:\/\/www.armenia.cl\/index.php?rest_route=\/wp\/v2\/posts\/1002\/revisions"}],"predecessor-version":[{"id":1003,"href":"https:\/\/www.armenia.cl\/index.php?rest_route=\/wp\/v2\/posts\/1002\/revisions\/1003"}],"wp:attachment":[{"href":"https:\/\/www.armenia.cl\/index.php?rest_route=%2Fwp%2Fv2%2Fmedia&parent=1002"}],"wp:term":[{"taxonomy":"category","embeddable":true,"href":"https:\/\/www.armenia.cl\/index.php?rest_route=%2Fwp%2Fv2%2Fcategories&post=1002"},{"taxonomy":"post_tag","embeddable":true,"href":"https:\/\/www.armenia.cl\/index.php?rest_route=%2Fwp%2Fv2%2Ftags&post=1002"}],"curies":[{"name":"wp","href":"https:\/\/api.w.org\/{rel}","templated":true}]}}